{"id":6181,"date":"2020-08-11T16:35:24","date_gmt":"2020-08-11T13:35:24","guid":{"rendered":"https:\/\/indieplace.indiedays.com\/?p=6181"},"modified":"2021-10-26T09:31:16","modified_gmt":"2021-10-26T06:31:16","slug":"indieplace-laajentaa-vaikuttajamarkkinoinnin-palveluitaan-praan","status":"publish","type":"post","link":"https:\/\/www.indieplace.fi\/en\/indieplace-laajentaa-vaikuttajamarkkinoinnin-palveluitaan-praan\/","title":{"rendered":"Indieplace laajentaa vaikuttajamarkkinoinnin palveluitaan PR:\u00e4\u00e4n"},"content":{"rendered":"<p style=\"border: 0; margin: 0; padding: 0; height: 1px; width: 1px;\"><script src=\"https:\/\/track.adform.net\/serving\/scripts\/trackpoint\/\" type=\"text\/javascript\"><\/script><script type=\"text\/javascript\">adf.track(546989, '08_2020_CLARISSATIEDOTE_ARTIKKELI');<\/script><input name=\"campaign\" type=\"hidden\" value=\"08_2020_CLARISSATIEDOTE_ARTIKKELI\" \/><\/p>\n<p><strong>Suomen johtava strategisen vaikuttajamarkkinoinnin toimisto Indieplace tarjoaa jatkossa my\u00f6s ansaitun n\u00e4kyvyyden palveluja lis\u00e4\u00e4m\u00e4ll\u00e4 PR:n palveluvalikoimaansa. Mellakka Helsingin Clarissa Hedman on rekrytoitu kehitt\u00e4m\u00e4\u00e4n tuoteportfoliota eteenp\u00e4in.<\/strong><\/p>\n<p>Indieplacen strategian kulmakiven\u00e4 on l\u00f6yt\u00e4\u00e4 jatkuvasti asiakkaille entist\u00e4 tehokkaampia ja tuloksellisempia tapoja tehd\u00e4 vaikuttajamarkkinointia. Yhteist\u00f6iden suunnittelun taustalla vaikuttaa aina asiakkaiden tavoitteiden lis\u00e4ksi data, jota Indieplace on ehtinyt kartuttaa tekem\u00e4ll\u00e4 vaikuttajamarkkinoinnin kampanjoita jo yli 10 vuoden ajan. Palveluiden laajentaminen PR:n suuntaan auttaa Indieplacea palvelemaan asiakkaitaan jatkossa aiempaa kokonaisvaltaisemmin. Keskitt\u00e4m\u00e4ll\u00e4 yhden toimijan k\u00e4siin <a href=\"https:\/\/www.indieplace.fi\/en\/pr-ja-vaikuttajamarkkinointi\/\" target=\"_blank\" rel=\"noopener noreferrer\">PR:n toimenpiteet ja vaikuttajamarkkinoinnin mahdollisuudet<\/a> s\u00e4\u00e4stet\u00e4\u00e4n asiakkaan resursseja ja saadaan entist\u00e4 parempia tuloksia aikaan.<\/p>\n<p>Indieplacen asiantuntemusta on vahvistettu entisest\u00e4\u00e4n rekrytoimalla Mellakka Helsingill\u00e4 PR:n asiantuntijana ja tapahtumaj\u00e4rjest\u00e4j\u00e4n\u00e4 toiminut <strong>Clarissa Hedman.<\/strong> Hedman aloittaa Indieplacella elokuussa Head of Influencer Network -roolissa, ja vastaa t\u00e4ten jatkossa Indieplacen vaikuttajaverkostosta sek\u00e4 PR-kokonaisuuden kehityksest\u00e4.<\/p>\n<p><em>\u201dVaikuttajamarkkinoinnin ala kehittyy jatkuvasti. Suomen markkinoilta ei viel\u00e4 l\u00f6ydy toimijaa, joka yhdist\u00e4isi kokonaisvaltaisesti ansaittua ja maksettua n\u00e4kyvyytt\u00e4 asiakkailleen. Meid\u00e4n n\u00e4kemyksemme mukaan n\u00e4iden kahden yhteispeli on avain entist\u00e4 tuloksellisempaan vaikuttajamarkkinointiin. PR:n kautta voimme jatkossa tarjota synergiaetuja vaikuttajayhteist\u00f6ihin ja luoda entist\u00e4 kattavamman strategian asiakkaiden kohderyhm\u00e4n kiinnostuksen her\u00e4tt\u00e4miseksi. Olemme valtavan innoissamme, ett\u00e4 saamme sellaisen huippuosaajan tiimiimme kuin Clarissa\u201d<\/em>, Indieplacen toimitusjohtaja <strong>Hanna Vartiainen<\/strong> sanoo.<\/p>\n<p><em>\u201cKoen PR-kokemukseni tuovan arvokkaan lis\u00e4n Indieplacen tuoteportfolioon ja n\u00e4in palvelevamme asiakkaitamme entist\u00e4 tehokkaammin. Indieplace on yrityksen\u00e4 nuorekas ja dynaaminen, joten on ilo olla mukana kehitt\u00e4m\u00e4ss\u00e4 vaikuttajamarkkinoinnin pioneeriyrityst\u00e4 eteenp\u00e4in. Odotan innolla tulevaa ja mit\u00e4 kaikkea p\u00e4\u00e4semme kehittelem\u00e4\u00e4n ammattitaitoisen tiimini kanssa!\u201d<\/em> Clarissa Hedman sanoo.<\/p>\n<p>&nbsp;<\/p>\n<p><strong>More info: <\/strong><\/p>\n<p>Clarissa Hedman, 040\u00a0833 9204, <a href=\"mailto:clarissa.hedman@indieplace.fi\">clarissa.hedman@indieplace.fi<\/a><\/p>\n<p>Hanna Vartiainen, 044\u202f548 5421, <a href=\"mailto:hanna.vartiainen@indieplace.fi\">hanna.vartiainen@indieplace.fi<\/a><\/p>\n<p>&nbsp;<\/p>\n<p><em>Vuonna 2009 perustettu Indiedays, nykyisin Indieplace, on Suomen markkinajohtaja vaikuttajamarkkinoinnissa, ja sen omaan verkostoon kuuluu yli 600 vaikuttajaa. Indieplace on t\u00e4yden palvelun vaikuttajamarkkinointitoimisto, jonka tavoitteena on tehd\u00e4 entist\u00e4 aidompaa ja viisaampaa vaikuttajamarkkinointia asiakkailleen. Indieplace suunnittelee ja toteuttaa vaikuttajamarkkinointia dataohjautuvasti: seuraamalla, mittaamalla ja analysoimalla mahdollistetaan asiakkaille vaikuttavat tulokset. Indieplace ty\u00f6llist\u00e4\u00e4 17 henkil\u00f6\u00e4, ja sen asiantuntijatiimit koostuvat kokeneista eri alojen ammattilaisista. Indieplace on osa Kaleva Mediaa.<\/em><\/p>","protected":false},"excerpt":{"rendered":"<p>Suomen johtava strategisen vaikuttajamarkkinoinnin toimisto Indieplace tarjoaa jatkossa my\u00f6s ansaitun n\u00e4kyvyyden palveluja lis\u00e4\u00e4m\u00e4ll\u00e4 PR:n palveluvalikoimaansa. Mellakka Helsingin Clarissa Hedman on rekrytoitu kehitt\u00e4m\u00e4\u00e4n tuoteportfoliota eteenp\u00e4in.<\/p>","protected":false},"author":1,"featured_media":6191,"comment_status":"open","ping_status":"closed","sticky":false,"template":"","format":"standard","meta":{"content-type":"","footnotes":""},"categories":[251879],"tags":[],"class_list":["post-6181","post","type-post","status-publish","format-standard","has-post-thumbnail","hentry","category-pr"],"yoast_head":"<!-- This site is optimized with the Yoast SEO plugin v26.6 - https:\/\/yoast.com\/wordpress\/plugins\/seo\/ -->\n<title>Indieplace laajentaa vaikuttajamarkkinoinnin palveluitaan PR:\u00e4\u00e4n<\/title>\n<meta name=\"description\" content=\"Suomen johtava strategisen vaikuttajamarkkinoinnin toimisto Indieplace tarjoaa jatkossa my\u00f6s ansaitun n\u00e4kyvyyden palveluja.\" \/>\n<meta name=\"robots\" content=\"index, follow, max-snippet:-1, max-image-preview:large, max-video-preview:-1\" \/>\n<link rel=\"canonical\" href=\"http:\/\/www.indieplace.fi\/en\/indieplace-laajentaa-vaikuttajamarkkinoinnin-palveluitaan-praan\/\" \/>\n<meta property=\"og:locale\" content=\"en_GB\" \/>\n<meta property=\"og:type\" content=\"article\" \/>\n<meta property=\"og:title\" content=\"Indieplace laajentaa vaikuttajamarkkinoinnin palveluitaan PR:\u00e4\u00e4n\" \/>\n<meta property=\"og:description\" content=\"Suomen johtava strategisen vaikuttajamarkkinoinnin toimisto Indieplace tarjoaa jatkossa my\u00f6s ansaitun n\u00e4kyvyyden palveluja.\" \/>\n<meta property=\"og:url\" content=\"http:\/\/www.indieplace.fi\/en\/indieplace-laajentaa-vaikuttajamarkkinoinnin-palveluitaan-praan\/\" \/>\n<meta property=\"og:site_name\" content=\"Indieplace\" \/>\n<meta property=\"article:published_time\" content=\"2020-08-11T13:35:24+00:00\" \/>\n<meta property=\"article:modified_time\" content=\"2021-10-26T06:31:16+00:00\" \/>\n<meta property=\"og:image\" content=\"https:\/\/www.indieplace.fi\/wp-content\/uploads\/2020\/08\/Clarissa-Hedman_Indieplace-scaled-e1597227957528.jpg\" \/>\n\t<meta property=\"og:image:width\" content=\"1920\" \/>\n\t<meta property=\"og:image:height\" content=\"2041\" \/>\n\t<meta property=\"og:image:type\" content=\"image\/jpeg\" \/>\n<meta name=\"author\" content=\"Indieplace\" \/>\n<meta name=\"twitter:card\" content=\"summary_large_image\" \/>\n<meta name=\"twitter:label1\" content=\"Written by\" \/>\n\t<meta name=\"twitter:data1\" content=\"Indieplace\" \/>\n\t<meta name=\"twitter:label2\" content=\"Estimated reading time\" \/>\n\t<meta name=\"twitter:data2\" content=\"2 minutes\" \/>\n<script type=\"application\/ld+json\" class=\"yoast-schema-graph\">{\"@context\":\"https:\/\/schema.org\",\"@graph\":[{\"@type\":\"Article\",\"@id\":\"http:\/\/www.indieplace.fi\/en\/indieplace-laajentaa-vaikuttajamarkkinoinnin-palveluitaan-praan\/#article\",\"isPartOf\":{\"@id\":\"http:\/\/www.indieplace.fi\/en\/indieplace-laajentaa-vaikuttajamarkkinoinnin-palveluitaan-praan\/\"},\"author\":{\"name\":\"Indieplace\",\"@id\":\"https:\/\/www.indieplace.fi\/#\/schema\/person\/6f1bb40608b4620d36902950ecd49248\"},\"headline\":\"Indieplace laajentaa vaikuttajamarkkinoinnin palveluitaan PR:\u00e4\u00e4n\",\"datePublished\":\"2020-08-11T13:35:24+00:00\",\"dateModified\":\"2021-10-26T06:31:16+00:00\",\"mainEntityOfPage\":{\"@id\":\"http:\/\/www.indieplace.fi\/en\/indieplace-laajentaa-vaikuttajamarkkinoinnin-palveluitaan-praan\/\"},\"wordCount\":351,\"commentCount\":0,\"publisher\":{\"@id\":\"https:\/\/www.indieplace.fi\/#organization\"},\"image\":{\"@id\":\"http:\/\/www.indieplace.fi\/en\/indieplace-laajentaa-vaikuttajamarkkinoinnin-palveluitaan-praan\/#primaryimage\"},\"thumbnailUrl\":\"https:\/\/www.indieplace.fi\/wp-content\/uploads\/2020\/08\/Clarissa-Hedman_Indieplace-scaled-e1597227957528.jpg\",\"articleSection\":[\"PR\"],\"inLanguage\":\"en-GB\",\"potentialAction\":[{\"@type\":\"CommentAction\",\"name\":\"Comment\",\"target\":[\"http:\/\/www.indieplace.fi\/en\/indieplace-laajentaa-vaikuttajamarkkinoinnin-palveluitaan-praan\/#respond\"]}]},{\"@type\":\"WebPage\",\"@id\":\"http:\/\/www.indieplace.fi\/en\/indieplace-laajentaa-vaikuttajamarkkinoinnin-palveluitaan-praan\/\",\"url\":\"http:\/\/www.indieplace.fi\/en\/indieplace-laajentaa-vaikuttajamarkkinoinnin-palveluitaan-praan\/\",\"name\":\"Indieplace laajentaa vaikuttajamarkkinoinnin palveluitaan PR:\u00e4\u00e4n\",\"isPartOf\":{\"@id\":\"https:\/\/www.indieplace.fi\/#website\"},\"primaryImageOfPage\":{\"@id\":\"http:\/\/www.indieplace.fi\/en\/indieplace-laajentaa-vaikuttajamarkkinoinnin-palveluitaan-praan\/#primaryimage\"},\"image\":{\"@id\":\"http:\/\/www.indieplace.fi\/en\/indieplace-laajentaa-vaikuttajamarkkinoinnin-palveluitaan-praan\/#primaryimage\"},\"thumbnailUrl\":\"https:\/\/www.indieplace.fi\/wp-content\/uploads\/2020\/08\/Clarissa-Hedman_Indieplace-scaled-e1597227957528.jpg\",\"datePublished\":\"2020-08-11T13:35:24+00:00\",\"dateModified\":\"2021-10-26T06:31:16+00:00\",\"description\":\"Suomen johtava strategisen vaikuttajamarkkinoinnin toimisto Indieplace tarjoaa jatkossa my\u00f6s ansaitun n\u00e4kyvyyden palveluja.\",\"breadcrumb\":{\"@id\":\"http:\/\/www.indieplace.fi\/en\/indieplace-laajentaa-vaikuttajamarkkinoinnin-palveluitaan-praan\/#breadcrumb\"},\"inLanguage\":\"en-GB\",\"potentialAction\":[{\"@type\":\"ReadAction\",\"target\":[\"http:\/\/www.indieplace.fi\/en\/indieplace-laajentaa-vaikuttajamarkkinoinnin-palveluitaan-praan\/\"]}]},{\"@type\":\"ImageObject\",\"inLanguage\":\"en-GB\",\"@id\":\"http:\/\/www.indieplace.fi\/en\/indieplace-laajentaa-vaikuttajamarkkinoinnin-palveluitaan-praan\/#primaryimage\",\"url\":\"https:\/\/www.indieplace.fi\/wp-content\/uploads\/2020\/08\/Clarissa-Hedman_Indieplace-scaled-e1597227957528.jpg\",\"contentUrl\":\"https:\/\/www.indieplace.fi\/wp-content\/uploads\/2020\/08\/Clarissa-Hedman_Indieplace-scaled-e1597227957528.jpg\",\"width\":1920,\"height\":2041},{\"@type\":\"BreadcrumbList\",\"@id\":\"http:\/\/www.indieplace.fi\/en\/indieplace-laajentaa-vaikuttajamarkkinoinnin-palveluitaan-praan\/#breadcrumb\",\"itemListElement\":[{\"@type\":\"ListItem\",\"position\":1,\"name\":\"Home\",\"item\":\"https:\/\/www.indieplace.fi\/\"},{\"@type\":\"ListItem\",\"position\":2,\"name\":\"Indieplace laajentaa vaikuttajamarkkinoinnin palveluitaan PR:\u00e4\u00e4n\"}]},{\"@type\":\"WebSite\",\"@id\":\"https:\/\/www.indieplace.fi\/#website\",\"url\":\"https:\/\/www.indieplace.fi\/\",\"name\":\"Indieplace\",\"description\":\"Indieplacen uusimmat kuulumiset. Lue ja pysy k\u00e4rryill\u00e4 some-ja vaikuttajamarkkinoinnin ajankohtaisista asioista.\",\"publisher\":{\"@id\":\"https:\/\/www.indieplace.fi\/#organization\"},\"potentialAction\":[{\"@type\":\"SearchAction\",\"target\":{\"@type\":\"EntryPoint\",\"urlTemplate\":\"https:\/\/www.indieplace.fi\/?s={search_term_string}\"},\"query-input\":{\"@type\":\"PropertyValueSpecification\",\"valueRequired\":true,\"valueName\":\"search_term_string\"}}],\"inLanguage\":\"en-GB\"},{\"@type\":\"Organization\",\"@id\":\"https:\/\/www.indieplace.fi\/#organization\",\"name\":\"Indieplace\",\"url\":\"https:\/\/www.indieplace.fi\/\",\"logo\":{\"@type\":\"ImageObject\",\"inLanguage\":\"en-GB\",\"@id\":\"https:\/\/www.indieplace.fi\/#\/schema\/logo\/image\/\",\"url\":\"https:\/\/www.indieplace.fi\/wp-content\/uploads\/2021\/01\/cropped-indieplace-logo-circle-white-e1666243724993.png\",\"contentUrl\":\"https:\/\/www.indieplace.fi\/wp-content\/uploads\/2021\/01\/cropped-indieplace-logo-circle-white-e1666243724993.png\",\"width\":300,\"height\":257,\"caption\":\"Indieplace\"},\"image\":{\"@id\":\"https:\/\/www.indieplace.fi\/#\/schema\/logo\/image\/\"},\"sameAs\":[\"https:\/\/www.instagram.com\/indieplace\/\"]},{\"@type\":\"Person\",\"@id\":\"https:\/\/www.indieplace.fi\/#\/schema\/person\/6f1bb40608b4620d36902950ecd49248\",\"name\":\"Indieplace\",\"image\":{\"@type\":\"ImageObject\",\"inLanguage\":\"en-GB\",\"@id\":\"https:\/\/www.indieplace.fi\/#\/schema\/person\/image\/\",\"url\":\"https:\/\/www.indieplace.fi\/wp-content\/uploads\/2021\/01\/indieplace-logo-circle-black-96x96.png\",\"contentUrl\":\"https:\/\/www.indieplace.fi\/wp-content\/uploads\/2021\/01\/indieplace-logo-circle-black-96x96.png\",\"caption\":\"Indieplace\"},\"sameAs\":[\"http:\/\/kc4feavgsh.preview.infomaniak.website\"],\"url\":\"https:\/\/www.indieplace.fi\/en\/author\/support\/\"}]}<\/script>\n<!-- \/ Yoast SEO plugin. -->","yoast_head_json":{"title":"Indieplace laajentaa vaikuttajamarkkinoinnin palveluitaan PR:\u00e4\u00e4n","description":"Suomen johtava strategisen vaikuttajamarkkinoinnin toimisto Indieplace tarjoaa jatkossa my\u00f6s ansaitun n\u00e4kyvyyden palveluja.","robots":{"index":"index","follow":"follow","max-snippet":"max-snippet:-1","max-image-preview":"max-image-preview:large","max-video-preview":"max-video-preview:-1"},"canonical":"http:\/\/www.indieplace.fi\/en\/indieplace-laajentaa-vaikuttajamarkkinoinnin-palveluitaan-praan\/","og_locale":"en_GB","og_type":"article","og_title":"Indieplace laajentaa vaikuttajamarkkinoinnin palveluitaan PR:\u00e4\u00e4n","og_description":"Suomen johtava strategisen vaikuttajamarkkinoinnin toimisto Indieplace tarjoaa jatkossa my\u00f6s ansaitun n\u00e4kyvyyden palveluja.","og_url":"http:\/\/www.indieplace.fi\/en\/indieplace-laajentaa-vaikuttajamarkkinoinnin-palveluitaan-praan\/","og_site_name":"Indieplace","article_published_time":"2020-08-11T13:35:24+00:00","article_modified_time":"2021-10-26T06:31:16+00:00","og_image":[{"width":1920,"height":2041,"url":"https:\/\/www.indieplace.fi\/wp-content\/uploads\/2020\/08\/Clarissa-Hedman_Indieplace-scaled-e1597227957528.jpg","type":"image\/jpeg"}],"author":"Indieplace","twitter_card":"summary_large_image","twitter_misc":{"Written by":"Indieplace","Estimated reading time":"2 minutes"},"schema":{"@context":"https:\/\/schema.org","@graph":[{"@type":"Article","@id":"http:\/\/www.indieplace.fi\/en\/indieplace-laajentaa-vaikuttajamarkkinoinnin-palveluitaan-praan\/#article","isPartOf":{"@id":"http:\/\/www.indieplace.fi\/en\/indieplace-laajentaa-vaikuttajamarkkinoinnin-palveluitaan-praan\/"},"author":{"name":"Indieplace","@id":"https:\/\/www.indieplace.fi\/#\/schema\/person\/6f1bb40608b4620d36902950ecd49248"},"headline":"Indieplace laajentaa vaikuttajamarkkinoinnin palveluitaan PR:\u00e4\u00e4n","datePublished":"2020-08-11T13:35:24+00:00","dateModified":"2021-10-26T06:31:16+00:00","mainEntityOfPage":{"@id":"http:\/\/www.indieplace.fi\/en\/indieplace-laajentaa-vaikuttajamarkkinoinnin-palveluitaan-praan\/"},"wordCount":351,"commentCount":0,"publisher":{"@id":"https:\/\/www.indieplace.fi\/#organization"},"image":{"@id":"http:\/\/www.indieplace.fi\/en\/indieplace-laajentaa-vaikuttajamarkkinoinnin-palveluitaan-praan\/#primaryimage"},"thumbnailUrl":"https:\/\/www.indieplace.fi\/wp-content\/uploads\/2020\/08\/Clarissa-Hedman_Indieplace-scaled-e1597227957528.jpg","articleSection":["PR"],"inLanguage":"en-GB","potentialAction":[{"@type":"CommentAction","name":"Comment","target":["http:\/\/www.indieplace.fi\/en\/indieplace-laajentaa-vaikuttajamarkkinoinnin-palveluitaan-praan\/#respond"]}]},{"@type":"WebPage","@id":"http:\/\/www.indieplace.fi\/en\/indieplace-laajentaa-vaikuttajamarkkinoinnin-palveluitaan-praan\/","url":"http:\/\/www.indieplace.fi\/en\/indieplace-laajentaa-vaikuttajamarkkinoinnin-palveluitaan-praan\/","name":"Indieplace laajentaa vaikuttajamarkkinoinnin palveluitaan PR:\u00e4\u00e4n","isPartOf":{"@id":"https:\/\/www.indieplace.fi\/#website"},"primaryImageOfPage":{"@id":"http:\/\/www.indieplace.fi\/en\/indieplace-laajentaa-vaikuttajamarkkinoinnin-palveluitaan-praan\/#primaryimage"},"image":{"@id":"http:\/\/www.indieplace.fi\/en\/indieplace-laajentaa-vaikuttajamarkkinoinnin-palveluitaan-praan\/#primaryimage"},"thumbnailUrl":"https:\/\/www.indieplace.fi\/wp-content\/uploads\/2020\/08\/Clarissa-Hedman_Indieplace-scaled-e1597227957528.jpg","datePublished":"2020-08-11T13:35:24+00:00","dateModified":"2021-10-26T06:31:16+00:00","description":"Suomen johtava strategisen vaikuttajamarkkinoinnin toimisto Indieplace tarjoaa jatkossa my\u00f6s ansaitun n\u00e4kyvyyden palveluja.","breadcrumb":{"@id":"http:\/\/www.indieplace.fi\/en\/indieplace-laajentaa-vaikuttajamarkkinoinnin-palveluitaan-praan\/#breadcrumb"},"inLanguage":"en-GB","potentialAction":[{"@type":"ReadAction","target":["http:\/\/www.indieplace.fi\/en\/indieplace-laajentaa-vaikuttajamarkkinoinnin-palveluitaan-praan\/"]}]},{"@type":"ImageObject","inLanguage":"en-GB","@id":"http:\/\/www.indieplace.fi\/en\/indieplace-laajentaa-vaikuttajamarkkinoinnin-palveluitaan-praan\/#primaryimage","url":"https:\/\/www.indieplace.fi\/wp-content\/uploads\/2020\/08\/Clarissa-Hedman_Indieplace-scaled-e1597227957528.jpg","contentUrl":"https:\/\/www.indieplace.fi\/wp-content\/uploads\/2020\/08\/Clarissa-Hedman_Indieplace-scaled-e1597227957528.jpg","width":1920,"height":2041},{"@type":"BreadcrumbList","@id":"http:\/\/www.indieplace.fi\/en\/indieplace-laajentaa-vaikuttajamarkkinoinnin-palveluitaan-praan\/#breadcrumb","itemListElement":[{"@type":"ListItem","position":1,"name":"Home","item":"https:\/\/www.indieplace.fi\/"},{"@type":"ListItem","position":2,"name":"Indieplace laajentaa vaikuttajamarkkinoinnin palveluitaan PR:\u00e4\u00e4n"}]},{"@type":"WebSite","@id":"https:\/\/www.indieplace.fi\/#website","url":"https:\/\/www.indieplace.fi\/","name":"Indieplace","description":"Indieplacen uusimmat kuulumiset. Lue ja pysy k\u00e4rryill\u00e4 some-ja vaikuttajamarkkinoinnin ajankohtaisista asioista.","publisher":{"@id":"https:\/\/www.indieplace.fi\/#organization"},"potentialAction":[{"@type":"SearchAction","target":{"@type":"EntryPoint","urlTemplate":"https:\/\/www.indieplace.fi\/?s={search_term_string}"},"query-input":{"@type":"PropertyValueSpecification","valueRequired":true,"valueName":"search_term_string"}}],"inLanguage":"en-GB"},{"@type":"Organization","@id":"https:\/\/www.indieplace.fi\/#organization","name":"Indieplace","url":"https:\/\/www.indieplace.fi\/","logo":{"@type":"ImageObject","inLanguage":"en-GB","@id":"https:\/\/www.indieplace.fi\/#\/schema\/logo\/image\/","url":"https:\/\/www.indieplace.fi\/wp-content\/uploads\/2021\/01\/cropped-indieplace-logo-circle-white-e1666243724993.png","contentUrl":"https:\/\/www.indieplace.fi\/wp-content\/uploads\/2021\/01\/cropped-indieplace-logo-circle-white-e1666243724993.png","width":300,"height":257,"caption":"Indieplace"},"image":{"@id":"https:\/\/www.indieplace.fi\/#\/schema\/logo\/image\/"},"sameAs":["https:\/\/www.instagram.com\/indieplace\/"]},{"@type":"Person","@id":"https:\/\/www.indieplace.fi\/#\/schema\/person\/6f1bb40608b4620d36902950ecd49248","name":"Indieplace","image":{"@type":"ImageObject","inLanguage":"en-GB","@id":"https:\/\/www.indieplace.fi\/#\/schema\/person\/image\/","url":"https:\/\/www.indieplace.fi\/wp-content\/uploads\/2021\/01\/indieplace-logo-circle-black-96x96.png","contentUrl":"https:\/\/www.indieplace.fi\/wp-content\/uploads\/2021\/01\/indieplace-logo-circle-black-96x96.png","caption":"Indieplace"},"sameAs":["http:\/\/kc4feavgsh.preview.infomaniak.website"],"url":"https:\/\/www.indieplace.fi\/en\/author\/support\/"}]}},"_links":{"self":[{"href":"https:\/\/www.indieplace.fi\/en\/wp-json\/wp\/v2\/posts\/6181","targetHints":{"allow":["GET"]}}],"collection":[{"href":"https:\/\/www.indieplace.fi\/en\/wp-json\/wp\/v2\/posts"}],"about":[{"href":"https:\/\/www.indieplace.fi\/en\/wp-json\/wp\/v2\/types\/post"}],"author":[{"embeddable":true,"href":"https:\/\/www.indieplace.fi\/en\/wp-json\/wp\/v2\/users\/1"}],"replies":[{"embeddable":true,"href":"https:\/\/www.indieplace.fi\/en\/wp-json\/wp\/v2\/comments?post=6181"}],"version-history":[{"count":5,"href":"https:\/\/www.indieplace.fi\/en\/wp-json\/wp\/v2\/posts\/6181\/revisions"}],"predecessor-version":[{"id":7865,"href":"https:\/\/www.indieplace.fi\/en\/wp-json\/wp\/v2\/posts\/6181\/revisions\/7865"}],"wp:featuredmedia":[{"embeddable":true,"href":"https:\/\/www.indieplace.fi\/en\/wp-json\/wp\/v2\/media\/6191"}],"wp:attachment":[{"href":"https:\/\/www.indieplace.fi\/en\/wp-json\/wp\/v2\/media?parent=6181"}],"wp:term":[{"taxonomy":"category","embeddable":true,"href":"https:\/\/www.indieplace.fi\/en\/wp-json\/wp\/v2\/categories?post=6181"},{"taxonomy":"post_tag","embeddable":true,"href":"https:\/\/www.indieplace.fi\/en\/wp-json\/wp\/v2\/tags?post=6181"}],"curies":[{"name":"wp","href":"https:\/\/api.w.org\/{rel}","templated":true}]}}