{"id":7782,"date":"2021-06-11T11:20:28","date_gmt":"2021-06-11T08:20:28","guid":{"rendered":"https:\/\/www.indieplace.fi\/?p=7782"},"modified":"2021-10-20T15:55:55","modified_gmt":"2021-10-20T12:55:55","slug":"anne-hakkinen-on-nimitetty-indieplacen-vs-toimitusjohtajaksi","status":"publish","type":"post","link":"https:\/\/www.indieplace.fi\/en\/anne-hakkinen-on-nimitetty-indieplacen-vs-toimitusjohtajaksi\/","title":{"rendered":"Anne H\u00e4kkinen on nimitetty Indieplacen vs. toimitusjohtajaksi"},"content":{"rendered":"<p style=\"border: 0; margin: 0; padding: 0; height: 1px; width: 1px;\"><script src=\"https:\/\/track.adform.net\/serving\/scripts\/trackpoint\/\" type=\"text\/javascript\"><\/script><script type=\"text\/javascript\">adf.track(546989, '06_2021_ANNETJKSI_ARTIKKELI');<\/script><input name=\"campaign\" type=\"hidden\" value=\"06_2021_ANNETJKSI_ARTIKKELI\" \/><\/p>\n<p><span data-contrast=\"auto\">Indieplacen toimitusjohtaja <\/span><b><span data-contrast=\"auto\">Hanna Vartiaisen <\/span><\/b>j\u00e4\u00e4dess\u00e4 elokuussa \u00e4itiyslomalle viransijaiseksi toimitusjohtajaksi on nimitetty\u00a0<strong>Anne H\u00e4kkinen<\/strong>. H\u00e4kkinen\u00a0aloittaa teht\u00e4v\u00e4ss\u00e4\u00e4n\u00a017.08.2021.<\/p>\n<p><span data-contrast=\"auto\">H\u00e4kkinen siirtyy teht\u00e4v\u00e4\u00e4n Indieplacen emokonserni Kaleva Mediasta, jossa h\u00e4n on toiminut Talent Managerina. H\u00e4kkisell\u00e4 on vahvaa kokemusta vaikuttajamarkkinoinnista, ja h\u00e4n on jo aiemmin ty\u00f6skennellyt Indieplacella ennen siirtymist\u00e4\u00e4n Kaleva Median palvelukseen. H\u00e4kkinen on yksi Indieplacen osakkaista.<\/span><\/p>\n<p><span data-contrast=\"auto\">&#8221;<em>Olemme onnellisia Hannan perheenlis\u00e4yksen puolesta. Yht\u00e4 lailla iloitsemme siit\u00e4, ett\u00e4 saamme Annen kaltaisen kokeneen vaikuttajamarkkinoinnin ammattilaisen t\u00e4h\u00e4n vaativaan rooliin. Suuret onnittelut molemmille iloisten uutisten johdosta<\/em>&#8221;<\/span><span data-contrast=\"none\">,\u00a0<\/span><span data-contrast=\"auto\">Kaleva Median toimitusjohtaja<\/span><b><span data-contrast=\"auto\">\u00a0Juha Laakkonen<\/span><\/b><span data-contrast=\"auto\">\u00a0kommentoi.<\/span><\/p>\n<p><span data-contrast=\"auto\">Vaikuttajamarkkinointi kiinnostaa pandemian my\u00f6t\u00e4 entist\u00e4 enemm\u00e4n.\u00a0Indieplace\u00a0on<\/span><span data-contrast=\"auto\"> pandemiavuoden aikana kehitt\u00e4nyt toimintaansa ja panostanut kasvuun. Uudistettu br\u00e4ndi, rekrytoinnit ja monipuolistetut vaikuttajamarkkinoinnin &amp; PR:n palvelut mahdollistavat, ett\u00e4 Indieplace on entist\u00e4 vahvempi pandemian p\u00e4\u00e4tytty\u00e4. Viime vuoden liikevaihto kasvoi edellisvuodesta 16 % ja t\u00e4n\u00e4 vuonna kasvu jatkuu suunnitellusti. <a href=\"https:\/\/www.indieplace.fi\/en\/indiedays-uudistui\/\" target=\"_blank\" rel=\"noopener\">Indieplace lanseerasi<\/a> kes\u00e4kuussa uudistetun <a href=\"https:\/\/www.indiedays.com\/\" target=\"_blank\" rel=\"noopener\">Indiedays-portaalin<\/a>, joka kokoaa yhteen vaikuttajamaailman kiinnostavimmat sis\u00e4ll\u00f6t.<\/span><\/p>\n<p><span data-contrast=\"auto\">H\u00e4kkinen ja Vartiainen ehtiv\u00e4t elokuun viel\u00e4 ty\u00f6skennell\u00e4 Indieplacella rinnakkain varmistaen n\u00e4in mahdollisimman sujuvan siirtym\u00e4n ja perehdytyksen teht\u00e4v\u00e4\u00e4n.<\/span><span data-ccp-props=\"{&quot;201341983&quot;:0,&quot;335559739&quot;:160,&quot;335559740&quot;:259}\">\u00a0<\/span><\/p>\n<p><span data-contrast=\"auto\">&#8221;<em>Paluu Indieplaceen innostaa valtavasti. Hanna on ohjannut yhti\u00f6t\u00e4 hyv\u00e4\u00e4n suuntaan, ja vaikuttajamarkkinointi on todella kiinnostavassa vaiheessa. Roolini koko konsernin Talent Managerina on antanut tulevassa teht\u00e4v\u00e4ss\u00e4 tarvittavaa kokemusta siit\u00e4, miten strateginen osaamisen kehitt\u00e4minen vaikuttaa yrityksen tuloksentekokykyyn. Luotan Indieplacen osaavaan ja kehittymiskykyns\u00e4 osoittaneeseen henkil\u00f6st\u00f6\u00f6n, ja olen eritt\u00e4in iloinen p\u00e4\u00e4stess\u00e4ni ty\u00f6skentelem\u00e4\u00e4n heid\u00e4n kanssaan parin vuoden tauon j\u00e4lkeen taas tiiviimmin<\/em>&#8221;, Indieplacessa aiemmin asiakkuusjohtajana ty\u00f6skennellyt H\u00e4kkinen kertoo. <\/span><span data-ccp-props=\"{&quot;134233279&quot;:true,&quot;201341983&quot;:0,&quot;335559739&quot;:160,&quot;335559740&quot;:259}\">\u00a0<\/span><\/p>\n<p><b><span data-contrast=\"none\">More info:\u00a0<\/span><\/b><span data-ccp-props=\"{&quot;201341983&quot;:0,&quot;335559738&quot;:240,&quot;335559739&quot;:240,&quot;335559740&quot;:276}\">\u00a0<\/span><\/p>\n<p><span data-contrast=\"none\">Anne H\u00e4kkinen, 044 536 2094,\u00a0<\/span><a href=\"mailto:anne.hakkinen@kalevamedia.fi\"><span data-contrast=\"none\">anne.hakkinen@kalevamedia.fi<\/span><\/a><span data-ccp-props=\"{&quot;201341983&quot;:0,&quot;335559738&quot;:240,&quot;335559739&quot;:240,&quot;335559740&quot;:276}\">\u00a0<\/span><\/p>\n<p><span data-contrast=\"none\">Hanna Vartiainen, 044 548 5421\u00a0<\/span><a href=\"mailto:hanna.vartiainen@indieplace.fi\"><span data-contrast=\"none\">hanna.vartiainen@indieplace.fi<\/span><\/a><span data-ccp-props=\"{&quot;201341983&quot;:0,&quot;335559738&quot;:240,&quot;335559739&quot;:240,&quot;335559740&quot;:276}\">\u00a0<\/span><\/p>\n<p><i><span data-contrast=\"none\">Indieplace\u00a0on aidon vaikuttavuuden suunnittelutoimisto. Vuonna 2009 perustettu\u00a0Indiedays, nykyisin\u00a0Indieplace, on Suomen markkinajohtaja vaikuttajamarkkinoinnissa, ja sen omaan verkostoon kuuluu yli 1000 vaikuttajaa. Olemme vaikuttajamarkkinoinnin ja PR:n t\u00e4yden palvelun kumppani: suunnittelemme strategian dataohjautuvasti ja luomme luovan konseptin, jonka pohjalta toteutamme markkinointiaktiviteetit ja mittaamme tulokset.\u00a0Indieplace\u00a0ty\u00f6llist\u00e4\u00e4 25 henkil\u00f6\u00e4, ja sen ammattitaitoiset tiimit koostuvat kokeneista vaikuttavuuden asiantuntijoista.\u00a0Indieplace\u00a0on osa Kaleva Mediaa.<\/span><\/i><span data-ccp-props=\"{&quot;201341983&quot;:0,&quot;335559739&quot;:160,&quot;335559740&quot;:276}\">\u00a0<\/span><\/p>","protected":false},"excerpt":{"rendered":"<p>Indieplacen toimitusjohtaja Hanna Vartiaisen\u00a0j\u00e4\u00e4dess\u00e4\u00a0elokuussa\u00a0\u00e4itiyslomalle\u00a0viransijaiseksi\u00a0toimitusjohtajaksi on nimitetty\u00a0Anne H\u00e4kkinen. H\u00e4kkinen\u00a0aloittaa teht\u00e4v\u00e4ss\u00e4\u00e4n\u00a017.08.2021.\u00a0<\/p>","protected":false},"author":1,"featured_media":7995,"comment_status":"open","ping_status":"closed","sticky":false,"template":"","format":"standard","meta":{"content-type":"","footnotes":""},"categories":[199],"tags":[],"class_list":["post-7782","post","type-post","status-publish","format-standard","has-post-thumbnail","hentry","category-yleinen"],"yoast_head":"<!-- This site is optimized with the Yoast SEO plugin v26.6 - https:\/\/yoast.com\/wordpress\/plugins\/seo\/ -->\n<title>Anne H\u00e4kkinen on nimitetty Indieplacen vs. toimitusjohtajaksi - Indieplace<\/title>\n<meta name=\"description\" content=\"Indieplacen toimitusjohtaja Hanna Vartiaisen\u00a0j\u00e4\u00e4dess\u00e4\u00a0elokuussa\u00a0\u00e4itiyslomalle\u00a0viransijaiseksi\u00a0toimitusjohtajaksi on nimitetty\u00a0Anne H\u00e4kkinen.\" \/>\n<meta name=\"robots\" content=\"index, follow, max-snippet:-1, max-image-preview:large, max-video-preview:-1\" \/>\n<link rel=\"canonical\" href=\"https:\/\/www.indieplace.fi\/en\/anne-hakkinen-on-nimitetty-indieplacen-vs-toimitusjohtajaksi\/\" \/>\n<meta property=\"og:locale\" content=\"en_GB\" \/>\n<meta property=\"og:type\" content=\"article\" \/>\n<meta property=\"og:title\" content=\"Anne H\u00e4kkinen on nimitetty Indieplacen vs. toimitusjohtajaksi - Indieplace\" \/>\n<meta property=\"og:description\" content=\"Indieplacen toimitusjohtaja Hanna Vartiaisen\u00a0j\u00e4\u00e4dess\u00e4\u00a0elokuussa\u00a0\u00e4itiyslomalle\u00a0viransijaiseksi\u00a0toimitusjohtajaksi on nimitetty\u00a0Anne H\u00e4kkinen.\" \/>\n<meta property=\"og:url\" content=\"https:\/\/www.indieplace.fi\/en\/anne-hakkinen-on-nimitetty-indieplacen-vs-toimitusjohtajaksi\/\" \/>\n<meta property=\"og:site_name\" content=\"Indieplace\" \/>\n<meta property=\"article:published_time\" content=\"2021-06-11T08:20:28+00:00\" \/>\n<meta property=\"article:modified_time\" content=\"2021-10-20T12:55:55+00:00\" \/>\n<meta property=\"og:image\" content=\"https:\/\/www.indieplace.fi\/wp-content\/uploads\/2021\/06\/MicrosoftTeams-image-11-1-scaled-e1623401636720.webp\" \/>\n\t<meta property=\"og:image:width\" content=\"1948\" \/>\n\t<meta property=\"og:image:height\" content=\"2141\" \/>\n\t<meta property=\"og:image:type\" content=\"image\/webp\" \/>\n<meta name=\"author\" content=\"Indieplace\" \/>\n<meta name=\"twitter:card\" content=\"summary_large_image\" \/>\n<meta name=\"twitter:label1\" content=\"Written by\" \/>\n\t<meta name=\"twitter:data1\" content=\"Indieplace\" \/>\n\t<meta name=\"twitter:label2\" content=\"Estimated reading time\" \/>\n\t<meta name=\"twitter:data2\" content=\"2 minutes\" \/>\n<script type=\"application\/ld+json\" class=\"yoast-schema-graph\">{\"@context\":\"https:\/\/schema.org\",\"@graph\":[{\"@type\":\"Article\",\"@id\":\"https:\/\/www.indieplace.fi\/anne-hakkinen-on-nimitetty-indieplacen-vs-toimitusjohtajaksi\/#article\",\"isPartOf\":{\"@id\":\"https:\/\/www.indieplace.fi\/anne-hakkinen-on-nimitetty-indieplacen-vs-toimitusjohtajaksi\/\"},\"author\":{\"name\":\"Indieplace\",\"@id\":\"https:\/\/www.indieplace.fi\/#\/schema\/person\/6f1bb40608b4620d36902950ecd49248\"},\"headline\":\"Anne H\u00e4kkinen on nimitetty Indieplacen vs. toimitusjohtajaksi\",\"datePublished\":\"2021-06-11T08:20:28+00:00\",\"dateModified\":\"2021-10-20T12:55:55+00:00\",\"mainEntityOfPage\":{\"@id\":\"https:\/\/www.indieplace.fi\/anne-hakkinen-on-nimitetty-indieplacen-vs-toimitusjohtajaksi\/\"},\"wordCount\":350,\"commentCount\":0,\"publisher\":{\"@id\":\"https:\/\/www.indieplace.fi\/#organization\"},\"image\":{\"@id\":\"https:\/\/www.indieplace.fi\/anne-hakkinen-on-nimitetty-indieplacen-vs-toimitusjohtajaksi\/#primaryimage\"},\"thumbnailUrl\":\"https:\/\/www.indieplace.fi\/wp-content\/uploads\/2021\/06\/MicrosoftTeams-image-11-1-scaled-e1623401636720.webp\",\"articleSection\":[\"Yleinen\"],\"inLanguage\":\"en-GB\",\"potentialAction\":[{\"@type\":\"CommentAction\",\"name\":\"Comment\",\"target\":[\"https:\/\/www.indieplace.fi\/anne-hakkinen-on-nimitetty-indieplacen-vs-toimitusjohtajaksi\/#respond\"]}]},{\"@type\":\"WebPage\",\"@id\":\"https:\/\/www.indieplace.fi\/anne-hakkinen-on-nimitetty-indieplacen-vs-toimitusjohtajaksi\/\",\"url\":\"https:\/\/www.indieplace.fi\/anne-hakkinen-on-nimitetty-indieplacen-vs-toimitusjohtajaksi\/\",\"name\":\"Anne H\u00e4kkinen on nimitetty Indieplacen vs. toimitusjohtajaksi - Indieplace\",\"isPartOf\":{\"@id\":\"https:\/\/www.indieplace.fi\/#website\"},\"primaryImageOfPage\":{\"@id\":\"https:\/\/www.indieplace.fi\/anne-hakkinen-on-nimitetty-indieplacen-vs-toimitusjohtajaksi\/#primaryimage\"},\"image\":{\"@id\":\"https:\/\/www.indieplace.fi\/anne-hakkinen-on-nimitetty-indieplacen-vs-toimitusjohtajaksi\/#primaryimage\"},\"thumbnailUrl\":\"https:\/\/www.indieplace.fi\/wp-content\/uploads\/2021\/06\/MicrosoftTeams-image-11-1-scaled-e1623401636720.webp\",\"datePublished\":\"2021-06-11T08:20:28+00:00\",\"dateModified\":\"2021-10-20T12:55:55+00:00\",\"description\":\"Indieplacen toimitusjohtaja Hanna Vartiaisen\u00a0j\u00e4\u00e4dess\u00e4\u00a0elokuussa\u00a0\u00e4itiyslomalle\u00a0viransijaiseksi\u00a0toimitusjohtajaksi on nimitetty\u00a0Anne H\u00e4kkinen.\",\"breadcrumb\":{\"@id\":\"https:\/\/www.indieplace.fi\/anne-hakkinen-on-nimitetty-indieplacen-vs-toimitusjohtajaksi\/#breadcrumb\"},\"inLanguage\":\"en-GB\",\"potentialAction\":[{\"@type\":\"ReadAction\",\"target\":[\"https:\/\/www.indieplace.fi\/anne-hakkinen-on-nimitetty-indieplacen-vs-toimitusjohtajaksi\/\"]}]},{\"@type\":\"ImageObject\",\"inLanguage\":\"en-GB\",\"@id\":\"https:\/\/www.indieplace.fi\/anne-hakkinen-on-nimitetty-indieplacen-vs-toimitusjohtajaksi\/#primaryimage\",\"url\":\"https:\/\/www.indieplace.fi\/wp-content\/uploads\/2021\/06\/MicrosoftTeams-image-11-1-scaled-e1623401636720.webp\",\"contentUrl\":\"https:\/\/www.indieplace.fi\/wp-content\/uploads\/2021\/06\/MicrosoftTeams-image-11-1-scaled-e1623401636720.webp\",\"width\":1948,\"height\":2141,\"caption\":\"Anne H\u00e4kkinen on nimitetty Indieplacen vs. toimitusjohtajaksi\"},{\"@type\":\"BreadcrumbList\",\"@id\":\"https:\/\/www.indieplace.fi\/anne-hakkinen-on-nimitetty-indieplacen-vs-toimitusjohtajaksi\/#breadcrumb\",\"itemListElement\":[{\"@type\":\"ListItem\",\"position\":1,\"name\":\"Home\",\"item\":\"https:\/\/www.indieplace.fi\/\"},{\"@type\":\"ListItem\",\"position\":2,\"name\":\"Anne H\u00e4kkinen on nimitetty Indieplacen vs. toimitusjohtajaksi\"}]},{\"@type\":\"WebSite\",\"@id\":\"https:\/\/www.indieplace.fi\/#website\",\"url\":\"https:\/\/www.indieplace.fi\/\",\"name\":\"Indieplace\",\"description\":\"Indieplacen uusimmat kuulumiset. Lue ja pysy k\u00e4rryill\u00e4 some-ja vaikuttajamarkkinoinnin ajankohtaisista asioista.\",\"publisher\":{\"@id\":\"https:\/\/www.indieplace.fi\/#organization\"},\"potentialAction\":[{\"@type\":\"SearchAction\",\"target\":{\"@type\":\"EntryPoint\",\"urlTemplate\":\"https:\/\/www.indieplace.fi\/?s={search_term_string}\"},\"query-input\":{\"@type\":\"PropertyValueSpecification\",\"valueRequired\":true,\"valueName\":\"search_term_string\"}}],\"inLanguage\":\"en-GB\"},{\"@type\":\"Organization\",\"@id\":\"https:\/\/www.indieplace.fi\/#organization\",\"name\":\"Indieplace\",\"url\":\"https:\/\/www.indieplace.fi\/\",\"logo\":{\"@type\":\"ImageObject\",\"inLanguage\":\"en-GB\",\"@id\":\"https:\/\/www.indieplace.fi\/#\/schema\/logo\/image\/\",\"url\":\"https:\/\/www.indieplace.fi\/wp-content\/uploads\/2021\/01\/cropped-indieplace-logo-circle-white-e1666243724993.png\",\"contentUrl\":\"https:\/\/www.indieplace.fi\/wp-content\/uploads\/2021\/01\/cropped-indieplace-logo-circle-white-e1666243724993.png\",\"width\":300,\"height\":257,\"caption\":\"Indieplace\"},\"image\":{\"@id\":\"https:\/\/www.indieplace.fi\/#\/schema\/logo\/image\/\"},\"sameAs\":[\"https:\/\/www.instagram.com\/indieplace\/\"]},{\"@type\":\"Person\",\"@id\":\"https:\/\/www.indieplace.fi\/#\/schema\/person\/6f1bb40608b4620d36902950ecd49248\",\"name\":\"Indieplace\",\"image\":{\"@type\":\"ImageObject\",\"inLanguage\":\"en-GB\",\"@id\":\"https:\/\/www.indieplace.fi\/#\/schema\/person\/image\/\",\"url\":\"https:\/\/www.indieplace.fi\/wp-content\/uploads\/2021\/01\/indieplace-logo-circle-black-96x96.png\",\"contentUrl\":\"https:\/\/www.indieplace.fi\/wp-content\/uploads\/2021\/01\/indieplace-logo-circle-black-96x96.png\",\"caption\":\"Indieplace\"},\"sameAs\":[\"http:\/\/kc4feavgsh.preview.infomaniak.website\"],\"url\":\"https:\/\/www.indieplace.fi\/en\/author\/support\/\"}]}<\/script>\n<!-- \/ Yoast SEO plugin. -->","yoast_head_json":{"title":"Anne H\u00e4kkinen on nimitetty Indieplacen vs. toimitusjohtajaksi - Indieplace","description":"Indieplacen toimitusjohtaja Hanna Vartiaisen\u00a0j\u00e4\u00e4dess\u00e4\u00a0elokuussa\u00a0\u00e4itiyslomalle\u00a0viransijaiseksi\u00a0toimitusjohtajaksi on nimitetty\u00a0Anne H\u00e4kkinen.","robots":{"index":"index","follow":"follow","max-snippet":"max-snippet:-1","max-image-preview":"max-image-preview:large","max-video-preview":"max-video-preview:-1"},"canonical":"https:\/\/www.indieplace.fi\/en\/anne-hakkinen-on-nimitetty-indieplacen-vs-toimitusjohtajaksi\/","og_locale":"en_GB","og_type":"article","og_title":"Anne H\u00e4kkinen on nimitetty Indieplacen vs. toimitusjohtajaksi - Indieplace","og_description":"Indieplacen toimitusjohtaja Hanna Vartiaisen\u00a0j\u00e4\u00e4dess\u00e4\u00a0elokuussa\u00a0\u00e4itiyslomalle\u00a0viransijaiseksi\u00a0toimitusjohtajaksi on nimitetty\u00a0Anne H\u00e4kkinen.","og_url":"https:\/\/www.indieplace.fi\/en\/anne-hakkinen-on-nimitetty-indieplacen-vs-toimitusjohtajaksi\/","og_site_name":"Indieplace","article_published_time":"2021-06-11T08:20:28+00:00","article_modified_time":"2021-10-20T12:55:55+00:00","og_image":[{"width":1948,"height":2141,"url":"https:\/\/www.indieplace.fi\/wp-content\/uploads\/2021\/06\/MicrosoftTeams-image-11-1-scaled-e1623401636720.webp","type":"image\/webp"}],"author":"Indieplace","twitter_card":"summary_large_image","twitter_misc":{"Written by":"Indieplace","Estimated reading time":"2 minutes"},"schema":{"@context":"https:\/\/schema.org","@graph":[{"@type":"Article","@id":"https:\/\/www.indieplace.fi\/anne-hakkinen-on-nimitetty-indieplacen-vs-toimitusjohtajaksi\/#article","isPartOf":{"@id":"https:\/\/www.indieplace.fi\/anne-hakkinen-on-nimitetty-indieplacen-vs-toimitusjohtajaksi\/"},"author":{"name":"Indieplace","@id":"https:\/\/www.indieplace.fi\/#\/schema\/person\/6f1bb40608b4620d36902950ecd49248"},"headline":"Anne H\u00e4kkinen on nimitetty Indieplacen vs. toimitusjohtajaksi","datePublished":"2021-06-11T08:20:28+00:00","dateModified":"2021-10-20T12:55:55+00:00","mainEntityOfPage":{"@id":"https:\/\/www.indieplace.fi\/anne-hakkinen-on-nimitetty-indieplacen-vs-toimitusjohtajaksi\/"},"wordCount":350,"commentCount":0,"publisher":{"@id":"https:\/\/www.indieplace.fi\/#organization"},"image":{"@id":"https:\/\/www.indieplace.fi\/anne-hakkinen-on-nimitetty-indieplacen-vs-toimitusjohtajaksi\/#primaryimage"},"thumbnailUrl":"https:\/\/www.indieplace.fi\/wp-content\/uploads\/2021\/06\/MicrosoftTeams-image-11-1-scaled-e1623401636720.webp","articleSection":["Yleinen"],"inLanguage":"en-GB","potentialAction":[{"@type":"CommentAction","name":"Comment","target":["https:\/\/www.indieplace.fi\/anne-hakkinen-on-nimitetty-indieplacen-vs-toimitusjohtajaksi\/#respond"]}]},{"@type":"WebPage","@id":"https:\/\/www.indieplace.fi\/anne-hakkinen-on-nimitetty-indieplacen-vs-toimitusjohtajaksi\/","url":"https:\/\/www.indieplace.fi\/anne-hakkinen-on-nimitetty-indieplacen-vs-toimitusjohtajaksi\/","name":"Anne H\u00e4kkinen on nimitetty Indieplacen vs. toimitusjohtajaksi - Indieplace","isPartOf":{"@id":"https:\/\/www.indieplace.fi\/#website"},"primaryImageOfPage":{"@id":"https:\/\/www.indieplace.fi\/anne-hakkinen-on-nimitetty-indieplacen-vs-toimitusjohtajaksi\/#primaryimage"},"image":{"@id":"https:\/\/www.indieplace.fi\/anne-hakkinen-on-nimitetty-indieplacen-vs-toimitusjohtajaksi\/#primaryimage"},"thumbnailUrl":"https:\/\/www.indieplace.fi\/wp-content\/uploads\/2021\/06\/MicrosoftTeams-image-11-1-scaled-e1623401636720.webp","datePublished":"2021-06-11T08:20:28+00:00","dateModified":"2021-10-20T12:55:55+00:00","description":"Indieplacen toimitusjohtaja Hanna Vartiaisen\u00a0j\u00e4\u00e4dess\u00e4\u00a0elokuussa\u00a0\u00e4itiyslomalle\u00a0viransijaiseksi\u00a0toimitusjohtajaksi on nimitetty\u00a0Anne H\u00e4kkinen.","breadcrumb":{"@id":"https:\/\/www.indieplace.fi\/anne-hakkinen-on-nimitetty-indieplacen-vs-toimitusjohtajaksi\/#breadcrumb"},"inLanguage":"en-GB","potentialAction":[{"@type":"ReadAction","target":["https:\/\/www.indieplace.fi\/anne-hakkinen-on-nimitetty-indieplacen-vs-toimitusjohtajaksi\/"]}]},{"@type":"ImageObject","inLanguage":"en-GB","@id":"https:\/\/www.indieplace.fi\/anne-hakkinen-on-nimitetty-indieplacen-vs-toimitusjohtajaksi\/#primaryimage","url":"https:\/\/www.indieplace.fi\/wp-content\/uploads\/2021\/06\/MicrosoftTeams-image-11-1-scaled-e1623401636720.webp","contentUrl":"https:\/\/www.indieplace.fi\/wp-content\/uploads\/2021\/06\/MicrosoftTeams-image-11-1-scaled-e1623401636720.webp","width":1948,"height":2141,"caption":"Anne H\u00e4kkinen on nimitetty Indieplacen vs. toimitusjohtajaksi"},{"@type":"BreadcrumbList","@id":"https:\/\/www.indieplace.fi\/anne-hakkinen-on-nimitetty-indieplacen-vs-toimitusjohtajaksi\/#breadcrumb","itemListElement":[{"@type":"ListItem","position":1,"name":"Home","item":"https:\/\/www.indieplace.fi\/"},{"@type":"ListItem","position":2,"name":"Anne H\u00e4kkinen on nimitetty Indieplacen vs. toimitusjohtajaksi"}]},{"@type":"WebSite","@id":"https:\/\/www.indieplace.fi\/#website","url":"https:\/\/www.indieplace.fi\/","name":"Indieplace","description":"Indieplacen uusimmat kuulumiset. Lue ja pysy k\u00e4rryill\u00e4 some-ja vaikuttajamarkkinoinnin ajankohtaisista asioista.","publisher":{"@id":"https:\/\/www.indieplace.fi\/#organization"},"potentialAction":[{"@type":"SearchAction","target":{"@type":"EntryPoint","urlTemplate":"https:\/\/www.indieplace.fi\/?s={search_term_string}"},"query-input":{"@type":"PropertyValueSpecification","valueRequired":true,"valueName":"search_term_string"}}],"inLanguage":"en-GB"},{"@type":"Organization","@id":"https:\/\/www.indieplace.fi\/#organization","name":"Indieplace","url":"https:\/\/www.indieplace.fi\/","logo":{"@type":"ImageObject","inLanguage":"en-GB","@id":"https:\/\/www.indieplace.fi\/#\/schema\/logo\/image\/","url":"https:\/\/www.indieplace.fi\/wp-content\/uploads\/2021\/01\/cropped-indieplace-logo-circle-white-e1666243724993.png","contentUrl":"https:\/\/www.indieplace.fi\/wp-content\/uploads\/2021\/01\/cropped-indieplace-logo-circle-white-e1666243724993.png","width":300,"height":257,"caption":"Indieplace"},"image":{"@id":"https:\/\/www.indieplace.fi\/#\/schema\/logo\/image\/"},"sameAs":["https:\/\/www.instagram.com\/indieplace\/"]},{"@type":"Person","@id":"https:\/\/www.indieplace.fi\/#\/schema\/person\/6f1bb40608b4620d36902950ecd49248","name":"Indieplace","image":{"@type":"ImageObject","inLanguage":"en-GB","@id":"https:\/\/www.indieplace.fi\/#\/schema\/person\/image\/","url":"https:\/\/www.indieplace.fi\/wp-content\/uploads\/2021\/01\/indieplace-logo-circle-black-96x96.png","contentUrl":"https:\/\/www.indieplace.fi\/wp-content\/uploads\/2021\/01\/indieplace-logo-circle-black-96x96.png","caption":"Indieplace"},"sameAs":["http:\/\/kc4feavgsh.preview.infomaniak.website"],"url":"https:\/\/www.indieplace.fi\/en\/author\/support\/"}]}},"_links":{"self":[{"href":"https:\/\/www.indieplace.fi\/en\/wp-json\/wp\/v2\/posts\/7782","targetHints":{"allow":["GET"]}}],"collection":[{"href":"https:\/\/www.indieplace.fi\/en\/wp-json\/wp\/v2\/posts"}],"about":[{"href":"https:\/\/www.indieplace.fi\/en\/wp-json\/wp\/v2\/types\/post"}],"author":[{"embeddable":true,"href":"https:\/\/www.indieplace.fi\/en\/wp-json\/wp\/v2\/users\/1"}],"replies":[{"embeddable":true,"href":"https:\/\/www.indieplace.fi\/en\/wp-json\/wp\/v2\/comments?post=7782"}],"version-history":[{"count":4,"href":"https:\/\/www.indieplace.fi\/en\/wp-json\/wp\/v2\/posts\/7782\/revisions"}],"predecessor-version":[{"id":7788,"href":"https:\/\/www.indieplace.fi\/en\/wp-json\/wp\/v2\/posts\/7782\/revisions\/7788"}],"wp:featuredmedia":[{"embeddable":true,"href":"https:\/\/www.indieplace.fi\/en\/wp-json\/wp\/v2\/media\/7995"}],"wp:attachment":[{"href":"https:\/\/www.indieplace.fi\/en\/wp-json\/wp\/v2\/media?parent=7782"}],"wp:term":[{"taxonomy":"category","embeddable":true,"href":"https:\/\/www.indieplace.fi\/en\/wp-json\/wp\/v2\/categories?post=7782"},{"taxonomy":"post_tag","embeddable":true,"href":"https:\/\/www.indieplace.fi\/en\/wp-json\/wp\/v2\/tags?post=7782"}],"curies":[{"name":"wp","href":"https:\/\/api.w.org\/{rel}","templated":true}]}}